{"id":12051,"date":"2026-04-30T12:36:04","date_gmt":"2026-04-30T10:36:04","guid":{"rendered":"https:\/\/www.ff-seebenstein.at\/?p=12051"},"modified":"2026-04-30T12:36:04","modified_gmt":"2026-04-30T10:36:04","slug":"wissenstest-der-jugend","status":"publish","type":"post","link":"https:\/\/www.ff-seebenstein.at\/?p=12051","title":{"rendered":"Wissenstest der JUGEND"},"content":{"rendered":"<div class=\"xdj266r x14z9mp xat24cr x1lziwak x1vvkbs x126k92a\">\n<div dir=\"auto\">Stark Leistung der Jugend<\/div>\n<\/div>\n<div class=\"x14z9mp xat24cr x1lziwak x1vvkbs xtlvy1s x126k92a\">\n<div dir=\"auto\">Am 11. April fand der Wissenstest in Breitenau statt. Alle sieben Mitglieder unserer Feuerwehrjugend haben diesen erfolgreich bestanden!&nbsp;<\/div>\n<div dir=\"auto\">Herzliche Gratulation an euch \u2013 tolle Leistung!<\/div>\n<div dir=\"auto\">&nbsp;<\/div>\n<div dir=\"auto\">Ein gro\u00dfes Dankesch\u00f6n auch an Mario Derfi und sein engagiertes Betreuerteam f\u00fcr ihren Einsatz und ihre Unterst\u00fctzung.<\/div>\n<\/div>\n<div dir=\"auto\">Die Wochen davor wurden genutzt um die Jugend auf den Wissenstest intensiv vorzubereiten.&nbsp;<\/div>\n<div dir=\"auto\"><a href=\"https:\/\/www.ff-seebenstein.at\/wp-content\/uploads\/2026\/04\/wissenstest.jpg\"><img loading=\"lazy\" decoding=\"async\" class=\"alignnone size-medium wp-image-12052\" src=\"https:\/\/www.ff-seebenstein.at\/wp-content\/uploads\/2026\/04\/wissenstest-225x300.jpg\" alt=\"\" width=\"225\" height=\"300\" srcset=\"https:\/\/www.ff-seebenstein.at\/wp-content\/uploads\/2026\/04\/wissenstest-225x300.jpg 225w, https:\/\/www.ff-seebenstein.at\/wp-content\/uploads\/2026\/04\/wissenstest.jpg 526w\" sizes=\"auto, (max-width: 225px) 100vw, 225px\" \/><\/a><\/div>\n","protected":false},"excerpt":{"rendered":"<p>Stark Leistung der Jugend Am 11. April fand der Wissenstest in Breitenau statt. Alle sieben Mitglieder unserer Feuerwehrjugend haben diesen<\/p>\n","protected":false},"author":12,"featured_media":12052,"comment_status":"closed","ping_status":"closed","sticky":false,"template":"","format":"standard","meta":{"colormag_page_container_layout":"default_layout","colormag_page_sidebar_layout":"default_layout","ngg_post_thumbnail":0,"footnotes":""},"categories":[46],"tags":[],"class_list":["post-12051","post","type-post","status-publish","format-standard","has-post-thumbnail","hentry","category-feuerwehrjugend"],"_links":{"self":[{"href":"https:\/\/www.ff-seebenstein.at\/index.php?rest_route=\/wp\/v2\/posts\/12051","targetHints":{"allow":["GET"]}}],"collection":[{"href":"https:\/\/www.ff-seebenstein.at\/index.php?rest_route=\/wp\/v2\/posts"}],"about":[{"href":"https:\/\/www.ff-seebenstein.at\/index.php?rest_route=\/wp\/v2\/types\/post"}],"author":[{"embeddable":true,"href":"https:\/\/www.ff-seebenstein.at\/index.php?rest_route=\/wp\/v2\/users\/12"}],"replies":[{"embeddable":true,"href":"https:\/\/www.ff-seebenstein.at\/index.php?rest_route=%2Fwp%2Fv2%2Fcomments&post=12051"}],"version-history":[{"count":1,"href":"https:\/\/www.ff-seebenstein.at\/index.php?rest_route=\/wp\/v2\/posts\/12051\/revisions"}],"predecessor-version":[{"id":12053,"href":"https:\/\/www.ff-seebenstein.at\/index.php?rest_route=\/wp\/v2\/posts\/12051\/revisions\/12053"}],"wp:featuredmedia":[{"embeddable":true,"href":"https:\/\/www.ff-seebenstein.at\/index.php?rest_route=\/wp\/v2\/media\/12052"}],"wp:attachment":[{"href":"https:\/\/www.ff-seebenstein.at\/index.php?rest_route=%2Fwp%2Fv2%2Fmedia&parent=12051"}],"wp:term":[{"taxonomy":"category","embeddable":true,"href":"https:\/\/www.ff-seebenstein.at\/index.php?rest_route=%2Fwp%2Fv2%2Fcategories&post=12051"},{"taxonomy":"post_tag","embeddable":true,"href":"https:\/\/www.ff-seebenstein.at\/index.php?rest_route=%2Fwp%2Fv2%2Ftags&post=12051"}],"curies":[{"name":"wp","href":"https:\/\/api.w.org\/{rel}","templated":true}]}}