{"id":12069,"date":"2026-04-30T12:58:30","date_gmt":"2026-04-30T10:58:30","guid":{"rendered":"https:\/\/www.ff-seebenstein.at\/?p=12069"},"modified":"2026-04-30T12:58:30","modified_gmt":"2026-04-30T10:58:30","slug":"uebung-verkehrsunfall-auf-forstweg","status":"publish","type":"post","link":"https:\/\/www.ff-seebenstein.at\/?p=12069","title":{"rendered":"\u00dcbung Verkehrsunfall auf Forstweg\u00a0"},"content":{"rendered":"<div class=\"xdj266r x14z9mp xat24cr x1lziwak x1vvkbs x126k92a\">\n<div dir=\"auto\">Im Rahmen einer Einsatz\u00fcbung wurde ein Verkehrsunfall auf einem abgelegenen Forstweg simuliert.<\/div>\n<\/div>\n<div class=\"x14z9mp xat24cr x1lziwak x1vvkbs xtlvy1s x126k92a\">\n<div dir=\"auto\">Lage beim Eintreffen:<\/div>\n<div dir=\"auto\">Beifahrer bewusstlos im Fahrzeug.<\/div>\n<div dir=\"auto\">Fahrzeug rauchend mit Gefahrguthinweis,<\/div>\n<div dir=\"auto\">Fahrer abg\u00e4ngig im unwegsamen Waldgel\u00e4nde auf einem Hang versteckt und nicht mehr gehf\u00e4hig.<\/div>\n<div dir=\"auto\">Die \u00dcbungsteilnehmer arbeiteten die Lage strukturiert und professionell ab \u2013 von der Absicherung \u00fcber die Menschenrettung bis hin zur Suche des vermissten Fahrers im Gel\u00e4nde.<\/div>\n<div dir=\"auto\">Im Anschluss wurde eine ausf\u00fchrliche Nachbesprechung durchgef\u00fchrt, um Abl\u00e4ufe zu reflektieren und wichtige Erkenntnisse f\u00fcr den Ernstfall mitzunehmen.<\/div>\n<div dir=\"auto\">&nbsp;<\/div>\n<div dir=\"auto\">Danke an alle Beteiligten f\u00fcr die engagierte Teilnahme!<\/div>\n<div dir=\"auto\"><a href=\"https:\/\/www.ff-seebenstein.at\/wp-content\/uploads\/2026\/04\/TE_U2.jpg\"><img loading=\"lazy\" decoding=\"async\" class=\"alignnone size-medium wp-image-12070\" src=\"https:\/\/www.ff-seebenstein.at\/wp-content\/uploads\/2026\/04\/TE_U2-225x300.jpg\" alt=\"\" width=\"225\" height=\"300\" srcset=\"https:\/\/www.ff-seebenstein.at\/wp-content\/uploads\/2026\/04\/TE_U2-225x300.jpg 225w, https:\/\/www.ff-seebenstein.at\/wp-content\/uploads\/2026\/04\/TE_U2-768x1024.jpg 768w, https:\/\/www.ff-seebenstein.at\/wp-content\/uploads\/2026\/04\/TE_U2-1152x1536.jpg 1152w, https:\/\/www.ff-seebenstein.at\/wp-content\/uploads\/2026\/04\/TE_U2.jpg 1500w\" sizes=\"auto, (max-width: 225px) 100vw, 225px\" \/><\/a> <a href=\"https:\/\/www.ff-seebenstein.at\/wp-content\/uploads\/2026\/04\/TE_U1.jpg\"><img loading=\"lazy\" decoding=\"async\" class=\"alignnone size-medium wp-image-12071\" src=\"https:\/\/www.ff-seebenstein.at\/wp-content\/uploads\/2026\/04\/TE_U1-225x300.jpg\" alt=\"\" width=\"225\" height=\"300\" srcset=\"https:\/\/www.ff-seebenstein.at\/wp-content\/uploads\/2026\/04\/TE_U1-225x300.jpg 225w, https:\/\/www.ff-seebenstein.at\/wp-content\/uploads\/2026\/04\/TE_U1.jpg 443w\" sizes=\"auto, (max-width: 225px) 100vw, 225px\" \/><\/a><\/div>\n<\/div>\n","protected":false},"excerpt":{"rendered":"<p>Im Rahmen einer Einsatz\u00fcbung wurde ein Verkehrsunfall auf einem abgelegenen Forstweg simuliert. Lage beim Eintreffen: Beifahrer bewusstlos im Fahrzeug. Fahrzeug<\/p>\n","protected":false},"author":12,"featured_media":12071,"comment_status":"closed","ping_status":"closed","sticky":false,"template":"","format":"standard","meta":{"colormag_page_container_layout":"default_layout","colormag_page_sidebar_layout":"default_layout","ngg_post_thumbnail":0,"footnotes":""},"categories":[7],"tags":[],"class_list":["post-12069","post","type-post","status-publish","format-standard","has-post-thumbnail","hentry","category-ubungen"],"_links":{"self":[{"href":"https:\/\/www.ff-seebenstein.at\/index.php?rest_route=\/wp\/v2\/posts\/12069","targetHints":{"allow":["GET"]}}],"collection":[{"href":"https:\/\/www.ff-seebenstein.at\/index.php?rest_route=\/wp\/v2\/posts"}],"about":[{"href":"https:\/\/www.ff-seebenstein.at\/index.php?rest_route=\/wp\/v2\/types\/post"}],"author":[{"embeddable":true,"href":"https:\/\/www.ff-seebenstein.at\/index.php?rest_route=\/wp\/v2\/users\/12"}],"replies":[{"embeddable":true,"href":"https:\/\/www.ff-seebenstein.at\/index.php?rest_route=%2Fwp%2Fv2%2Fcomments&post=12069"}],"version-history":[{"count":1,"href":"https:\/\/www.ff-seebenstein.at\/index.php?rest_route=\/wp\/v2\/posts\/12069\/revisions"}],"predecessor-version":[{"id":12072,"href":"https:\/\/www.ff-seebenstein.at\/index.php?rest_route=\/wp\/v2\/posts\/12069\/revisions\/12072"}],"wp:featuredmedia":[{"embeddable":true,"href":"https:\/\/www.ff-seebenstein.at\/index.php?rest_route=\/wp\/v2\/media\/12071"}],"wp:attachment":[{"href":"https:\/\/www.ff-seebenstein.at\/index.php?rest_route=%2Fwp%2Fv2%2Fmedia&parent=12069"}],"wp:term":[{"taxonomy":"category","embeddable":true,"href":"https:\/\/www.ff-seebenstein.at\/index.php?rest_route=%2Fwp%2Fv2%2Fcategories&post=12069"},{"taxonomy":"post_tag","embeddable":true,"href":"https:\/\/www.ff-seebenstein.at\/index.php?rest_route=%2Fwp%2Fv2%2Ftags&post=12069"}],"curies":[{"name":"wp","href":"https:\/\/api.w.org\/{rel}","templated":true}]}}